{"id":843,"date":"2023-01-22T13:28:35","date_gmt":"2023-01-22T13:28:35","guid":{"rendered":"http:\/\/mtb-dorf-erbach.de\/?p=843"},"modified":"2023-01-22T13:28:35","modified_gmt":"2023-01-22T13:28:35","slug":"trainingsbeginn-in-2023","status":"publish","type":"post","link":"http:\/\/mtb-dorf-erbach.de\/?p=843","title":{"rendered":"Trainingsbeginn in 2023"},"content":{"rendered":"\n<p>Aufgrund aktueller Engp\u00e4sse k\u00f6nnen wir das Training erst wieder ab Februar anbieten. Wir bitten um Verst\u00e4ndnis.<\/p>\n","protected":false},"excerpt":{"rendered":"<p>Aufgrund aktueller Engp\u00e4sse k\u00f6nnen wir das Training erst wieder ab Februar anbieten. Wir bitten um Verst\u00e4ndnis.<\/p>\n","protected":false},"author":3,"featured_media":0,"comment_status":"open","ping_status":"open","sticky":false,"template":"","format":"standard","meta":{"_monsterinsights_skip_tracking":false,"_monsterinsights_sitenote_active":false,"_monsterinsights_sitenote_note":"","_monsterinsights_sitenote_category":0,"footnotes":""},"categories":[1],"tags":[],"class_list":["post-843","post","type-post","status-publish","format-standard","hentry","category-training-2"],"aioseo_notices":[],"_links":{"self":[{"href":"http:\/\/mtb-dorf-erbach.de\/index.php?rest_route=\/wp\/v2\/posts\/843","targetHints":{"allow":["GET"]}}],"collection":[{"href":"http:\/\/mtb-dorf-erbach.de\/index.php?rest_route=\/wp\/v2\/posts"}],"about":[{"href":"http:\/\/mtb-dorf-erbach.de\/index.php?rest_route=\/wp\/v2\/types\/post"}],"author":[{"embeddable":true,"href":"http:\/\/mtb-dorf-erbach.de\/index.php?rest_route=\/wp\/v2\/users\/3"}],"replies":[{"embeddable":true,"href":"http:\/\/mtb-dorf-erbach.de\/index.php?rest_route=%2Fwp%2Fv2%2Fcomments&post=843"}],"version-history":[{"count":1,"href":"http:\/\/mtb-dorf-erbach.de\/index.php?rest_route=\/wp\/v2\/posts\/843\/revisions"}],"predecessor-version":[{"id":844,"href":"http:\/\/mtb-dorf-erbach.de\/index.php?rest_route=\/wp\/v2\/posts\/843\/revisions\/844"}],"wp:attachment":[{"href":"http:\/\/mtb-dorf-erbach.de\/index.php?rest_route=%2Fwp%2Fv2%2Fmedia&parent=843"}],"wp:term":[{"taxonomy":"category","embeddable":true,"href":"http:\/\/mtb-dorf-erbach.de\/index.php?rest_route=%2Fwp%2Fv2%2Fcategories&post=843"},{"taxonomy":"post_tag","embeddable":true,"href":"http:\/\/mtb-dorf-erbach.de\/index.php?rest_route=%2Fwp%2Fv2%2Ftags&post=843"}],"curies":[{"name":"wp","href":"https:\/\/api.w.org\/{rel}","templated":true}]}}