{"id":663,"date":"2020-03-04T20:53:16","date_gmt":"2020-03-04T20:53:16","guid":{"rendered":"http:\/\/mtb-dorf-erbach.de\/?p=663"},"modified":"2020-03-04T20:53:16","modified_gmt":"2020-03-04T20:53:16","slug":"hurra-der-fruehling-ist-da","status":"publish","type":"post","link":"http:\/\/mtb-dorf-erbach.de\/?p=663","title":{"rendered":"Hurra der Fr\u00fchling ist da!"},"content":{"rendered":"\n<p>Wer nun auch noch ein neues Rad sein eigen nennen m\u00f6chte, der ist am 22.3.2020 bei uns anders richtigen Stelle, denn&#8230;<\/p>\n\n\n\n<p>Die Radsport-Abteilung des TV Dorf-Erbach e.V. veranstaltet am Sonntag, den <strong>22. M\u00e4rz 2020<\/strong>, von <strong>13 bis 16 Uhr ihre j\u00e4hrliche B\u00f6rse<\/strong> f\u00fcr gebrauchte Fahrr\u00e4der und Fahrradzubeh\u00f6r im Dorfgemeinschaftshaus in Dorf-Erbach. <\/p>\n\n\n\n<p style=\"background-color:#f90509\" class=\"has-background has-text-align-center has-large-font-size\">Achtung:<\/p>\n\n\n\n<p>Die <strong>Annahme der gebrauchten R\u00e4der oder Radteile<\/strong> findet ebenfalls am Sonntag, den 22. M\u00e4rz, schon <strong>vormittags statt von 09 bis 11 Uhr<\/strong> im Dorfgemeinschaftshaus. Der <strong>Verkauf<\/strong> startet um<strong> 13:00 Uhr<\/strong>. F\u00fcr das leibliche Wohl ist u.a. mit Kaffee und Kuchen bestens gesorgt.<\/p>\n\n\n\n<figure class=\"wp-block-gallery columns-2 is-cropped wp-block-gallery-1 is-layout-flex wp-block-gallery-is-layout-flex\"><ul class=\"blocks-gallery-grid\"><li class=\"blocks-gallery-item\"><figure><a href=\"http:\/\/mtb-dorf-erbach.de\/wp-content\/uploads\/2020\/03\/Bildschirmfoto-2020-03-04-um-21.44.01.png\"><img loading=\"lazy\" decoding=\"async\" width=\"726\" height=\"1024\" src=\"http:\/\/mtb-dorf-erbach.de\/wp-content\/uploads\/2020\/03\/Bildschirmfoto-2020-03-04-um-21.44.01-726x1024.png\" alt=\"\" data-id=\"666\" data-full-url=\"http:\/\/mtb-dorf-erbach.de\/wp-content\/uploads\/2020\/03\/Bildschirmfoto-2020-03-04-um-21.44.01.png\" data-link=\"http:\/\/mtb-dorf-erbach.de\/?attachment_id=666\" class=\"wp-image-666\" srcset=\"http:\/\/mtb-dorf-erbach.de\/wp-content\/uploads\/2020\/03\/Bildschirmfoto-2020-03-04-um-21.44.01-726x1024.png 726w, http:\/\/mtb-dorf-erbach.de\/wp-content\/uploads\/2020\/03\/Bildschirmfoto-2020-03-04-um-21.44.01-213x300.png 213w, http:\/\/mtb-dorf-erbach.de\/wp-content\/uploads\/2020\/03\/Bildschirmfoto-2020-03-04-um-21.44.01-768x1083.png 768w, http:\/\/mtb-dorf-erbach.de\/wp-content\/uploads\/2020\/03\/Bildschirmfoto-2020-03-04-um-21.44.01.png 1062w\" sizes=\"auto, (max-width: 709px) 85vw, (max-width: 909px) 67vw, (max-width: 984px) 61vw, (max-width: 1362px) 45vw, 600px\" \/><\/a><\/figure><\/li><li class=\"blocks-gallery-item\"><figure><a href=\"http:\/\/mtb-dorf-erbach.de\/wp-content\/uploads\/2020\/03\/Ohne-Titel.jpg\"><img loading=\"lazy\" decoding=\"async\" width=\"748\" height=\"1024\" src=\"http:\/\/mtb-dorf-erbach.de\/wp-content\/uploads\/2020\/03\/Ohne-Titel-748x1024.jpg\" alt=\"\" data-id=\"667\" data-full-url=\"http:\/\/mtb-dorf-erbach.de\/wp-content\/uploads\/2020\/03\/Ohne-Titel.jpg\" data-link=\"http:\/\/mtb-dorf-erbach.de\/?attachment_id=667\" class=\"wp-image-667\" srcset=\"http:\/\/mtb-dorf-erbach.de\/wp-content\/uploads\/2020\/03\/Ohne-Titel-748x1024.jpg 748w, http:\/\/mtb-dorf-erbach.de\/wp-content\/uploads\/2020\/03\/Ohne-Titel-219x300.jpg 219w, http:\/\/mtb-dorf-erbach.de\/wp-content\/uploads\/2020\/03\/Ohne-Titel-768x1051.jpg 768w, http:\/\/mtb-dorf-erbach.de\/wp-content\/uploads\/2020\/03\/Ohne-Titel.jpg 1068w\" sizes=\"auto, (max-width: 709px) 85vw, (max-width: 909px) 67vw, (max-width: 984px) 61vw, (max-width: 1362px) 45vw, 600px\" \/><\/a><\/figure><\/li><\/ul><\/figure>\n\n\n\n<div class=\"wp-block-group is-layout-flow wp-block-group-is-layout-flow\"><div class=\"wp-block-group__inner-container\"><\/div><\/div>\n","protected":false},"excerpt":{"rendered":"<p>Wer nun auch noch ein neues Rad sein eigen nennen m\u00f6chte, der ist am 22.3.2020 bei uns anders richtigen Stelle, denn&#8230; Die Radsport-Abteilung des TV Dorf-Erbach e.V. veranstaltet am Sonntag, den 22. M\u00e4rz 2020, von 13 bis 16 Uhr ihre j\u00e4hrliche B\u00f6rse f\u00fcr gebrauchte Fahrr\u00e4der und Fahrradzubeh\u00f6r im Dorfgemeinschaftshaus in Dorf-Erbach. Achtung: Die Annahme der &hellip; <a href=\"http:\/\/mtb-dorf-erbach.de\/?p=663\" class=\"more-link\"><span class=\"screen-reader-text\">\u201eHurra der Fr\u00fchling ist da!\u201c <\/span>weiterlesen<\/a><\/p>\n","protected":false},"author":3,"featured_media":0,"comment_status":"open","ping_status":"open","sticky":false,"template":"","format":"standard","meta":{"_monsterinsights_skip_tracking":false,"_monsterinsights_sitenote_active":false,"_monsterinsights_sitenote_note":"","_monsterinsights_sitenote_category":0,"footnotes":""},"categories":[1],"tags":[],"class_list":["post-663","post","type-post","status-publish","format-standard","hentry","category-training-2"],"aioseo_notices":[],"_links":{"self":[{"href":"http:\/\/mtb-dorf-erbach.de\/index.php?rest_route=\/wp\/v2\/posts\/663","targetHints":{"allow":["GET"]}}],"collection":[{"href":"http:\/\/mtb-dorf-erbach.de\/index.php?rest_route=\/wp\/v2\/posts"}],"about":[{"href":"http:\/\/mtb-dorf-erbach.de\/index.php?rest_route=\/wp\/v2\/types\/post"}],"author":[{"embeddable":true,"href":"http:\/\/mtb-dorf-erbach.de\/index.php?rest_route=\/wp\/v2\/users\/3"}],"replies":[{"embeddable":true,"href":"http:\/\/mtb-dorf-erbach.de\/index.php?rest_route=%2Fwp%2Fv2%2Fcomments&post=663"}],"version-history":[{"count":5,"href":"http:\/\/mtb-dorf-erbach.de\/index.php?rest_route=\/wp\/v2\/posts\/663\/revisions"}],"predecessor-version":[{"id":671,"href":"http:\/\/mtb-dorf-erbach.de\/index.php?rest_route=\/wp\/v2\/posts\/663\/revisions\/671"}],"wp:attachment":[{"href":"http:\/\/mtb-dorf-erbach.de\/index.php?rest_route=%2Fwp%2Fv2%2Fmedia&parent=663"}],"wp:term":[{"taxonomy":"category","embeddable":true,"href":"http:\/\/mtb-dorf-erbach.de\/index.php?rest_route=%2Fwp%2Fv2%2Fcategories&post=663"},{"taxonomy":"post_tag","embeddable":true,"href":"http:\/\/mtb-dorf-erbach.de\/index.php?rest_route=%2Fwp%2Fv2%2Ftags&post=663"}],"curies":[{"name":"wp","href":"https:\/\/api.w.org\/{rel}","templated":true}]}}