{"id":647,"date":"2019-09-07T13:01:39","date_gmt":"2019-09-07T13:01:39","guid":{"rendered":"http:\/\/mtb-dorf-erbach.de\/?p=647"},"modified":"2019-09-07T13:08:31","modified_gmt":"2019-09-07T13:08:31","slug":"vorletzter-lauf-zum-hessencup-2019-in-baunatal","status":"publish","type":"post","link":"http:\/\/mtb-dorf-erbach.de\/?p=647","title":{"rendered":"Vorletzter Lauf zum HessenCup 2019 in Baunatal"},"content":{"rendered":"\n<p>Der vorletzte Lauf des HessenCup 2019 fand im Nordhessischen Baunatal statt. Auf einem Rundkurs mitten in der Stadt ging es \u00fcber viel Asphalt und \u00fcber wellige Wiesenabschnitte. Sogar durch ein Parkhaus f\u00fchrte die Strecke. Am Ende mussten unsere j\u00fcngsten in der U7 eine Runde \u00fcber ca. 1,4Km absolvieren. Emma legte mit einer Zeit von 4min und 30sek vor und hielt ihre erste Verfolgerin auf einen Abstand von 17 Sekunden auf Platz zwei. Da Emma auch die Trailpr\u00fcfung f\u00fcr sich entscheiden konnte feierte sie einen erneuten Tagessieg. In der Gesamtwertung baute sie damit ihren Vorsprung weiter aus.<br><\/p>\n\n\n\n<ul class=\"wp-block-gallery columns-3 is-cropped wp-block-gallery-1 is-layout-flex wp-block-gallery-is-layout-flex\"><li class=\"blocks-gallery-item\"><figure><img loading=\"lazy\" decoding=\"async\" width=\"576\" height=\"1024\" src=\"http:\/\/mtb-dorf-erbach.de\/wp-content\/uploads\/2019\/09\/1CFC9453-B5A5-4054-90EF-882AA2320C9D-e1567861483824-576x1024.jpeg\" alt=\"\" data-id=\"648\" data-link=\"http:\/\/mtb-dorf-erbach.de\/?attachment_id=648\" class=\"wp-image-648\" srcset=\"http:\/\/mtb-dorf-erbach.de\/wp-content\/uploads\/2019\/09\/1CFC9453-B5A5-4054-90EF-882AA2320C9D-e1567861483824-576x1024.jpeg 576w, http:\/\/mtb-dorf-erbach.de\/wp-content\/uploads\/2019\/09\/1CFC9453-B5A5-4054-90EF-882AA2320C9D-e1567861483824-169x300.jpeg 169w, http:\/\/mtb-dorf-erbach.de\/wp-content\/uploads\/2019\/09\/1CFC9453-B5A5-4054-90EF-882AA2320C9D-e1567861483824-768x1365.jpeg 768w, http:\/\/mtb-dorf-erbach.de\/wp-content\/uploads\/2019\/09\/1CFC9453-B5A5-4054-90EF-882AA2320C9D-e1567861483824-1200x2133.jpeg 1200w\" sizes=\"auto, (max-width: 576px) 85vw, 576px\" \/><\/figure><\/li><li class=\"blocks-gallery-item\"><figure><img loading=\"lazy\" decoding=\"async\" width=\"576\" height=\"1024\" src=\"http:\/\/mtb-dorf-erbach.de\/wp-content\/uploads\/2019\/09\/1E9A4E57-F63B-4AAE-A929-EA2649023AE4-e1567861467878-576x1024.jpeg\" alt=\"\" data-id=\"649\" data-link=\"http:\/\/mtb-dorf-erbach.de\/?attachment_id=649\" class=\"wp-image-649\" srcset=\"http:\/\/mtb-dorf-erbach.de\/wp-content\/uploads\/2019\/09\/1E9A4E57-F63B-4AAE-A929-EA2649023AE4-e1567861467878-576x1024.jpeg 576w, http:\/\/mtb-dorf-erbach.de\/wp-content\/uploads\/2019\/09\/1E9A4E57-F63B-4AAE-A929-EA2649023AE4-e1567861467878-169x300.jpeg 169w, http:\/\/mtb-dorf-erbach.de\/wp-content\/uploads\/2019\/09\/1E9A4E57-F63B-4AAE-A929-EA2649023AE4-e1567861467878-768x1365.jpeg 768w, http:\/\/mtb-dorf-erbach.de\/wp-content\/uploads\/2019\/09\/1E9A4E57-F63B-4AAE-A929-EA2649023AE4-e1567861467878-1200x2133.jpeg 1200w\" sizes=\"auto, (max-width: 576px) 85vw, 576px\" \/><\/figure><\/li><li class=\"blocks-gallery-item\"><figure><img loading=\"lazy\" decoding=\"async\" width=\"1024\" height=\"768\" src=\"http:\/\/mtb-dorf-erbach.de\/wp-content\/uploads\/2019\/09\/E4FEDAB0-63DC-4FF5-B7D2-80F80B74E74E-1024x768.jpeg\" alt=\"\" data-id=\"650\" data-link=\"http:\/\/mtb-dorf-erbach.de\/?attachment_id=650\" class=\"wp-image-650\" srcset=\"http:\/\/mtb-dorf-erbach.de\/wp-content\/uploads\/2019\/09\/E4FEDAB0-63DC-4FF5-B7D2-80F80B74E74E-1024x768.jpeg 1024w, http:\/\/mtb-dorf-erbach.de\/wp-content\/uploads\/2019\/09\/E4FEDAB0-63DC-4FF5-B7D2-80F80B74E74E-300x225.jpeg 300w, http:\/\/mtb-dorf-erbach.de\/wp-content\/uploads\/2019\/09\/E4FEDAB0-63DC-4FF5-B7D2-80F80B74E74E-768x576.jpeg 768w, http:\/\/mtb-dorf-erbach.de\/wp-content\/uploads\/2019\/09\/E4FEDAB0-63DC-4FF5-B7D2-80F80B74E74E-1200x900.jpeg 1200w\" sizes=\"auto, (max-width: 709px) 85vw, (max-width: 909px) 67vw, (max-width: 1362px) 62vw, 840px\" \/><\/figure><\/li><li class=\"blocks-gallery-item\"><figure><img loading=\"lazy\" decoding=\"async\" width=\"1024\" height=\"768\" src=\"http:\/\/mtb-dorf-erbach.de\/wp-content\/uploads\/2019\/09\/8EB20C17-00C9-4316-BC5F-833EF7A1AC20-1024x768.jpeg\" alt=\"\" data-id=\"651\" data-link=\"http:\/\/mtb-dorf-erbach.de\/?attachment_id=651\" class=\"wp-image-651\" srcset=\"http:\/\/mtb-dorf-erbach.de\/wp-content\/uploads\/2019\/09\/8EB20C17-00C9-4316-BC5F-833EF7A1AC20-1024x768.jpeg 1024w, http:\/\/mtb-dorf-erbach.de\/wp-content\/uploads\/2019\/09\/8EB20C17-00C9-4316-BC5F-833EF7A1AC20-300x225.jpeg 300w, http:\/\/mtb-dorf-erbach.de\/wp-content\/uploads\/2019\/09\/8EB20C17-00C9-4316-BC5F-833EF7A1AC20-768x576.jpeg 768w, http:\/\/mtb-dorf-erbach.de\/wp-content\/uploads\/2019\/09\/8EB20C17-00C9-4316-BC5F-833EF7A1AC20-1200x900.jpeg 1200w, http:\/\/mtb-dorf-erbach.de\/wp-content\/uploads\/2019\/09\/8EB20C17-00C9-4316-BC5F-833EF7A1AC20.jpeg 2048w\" sizes=\"auto, (max-width: 709px) 85vw, (max-width: 909px) 67vw, (max-width: 1362px) 62vw, 840px\" \/><\/figure><\/li><\/ul>\n","protected":false},"excerpt":{"rendered":"<p>Der vorletzte Lauf des HessenCup 2019 fand im Nordhessischen Baunatal statt. Auf einem Rundkurs mitten in der Stadt ging es \u00fcber viel Asphalt und \u00fcber wellige Wiesenabschnitte. Sogar durch ein Parkhaus f\u00fchrte die Strecke. Am Ende mussten unsere j\u00fcngsten in der U7 eine Runde \u00fcber ca. 1,4Km absolvieren. Emma legte mit einer Zeit von 4min &hellip; <a href=\"http:\/\/mtb-dorf-erbach.de\/?p=647\" class=\"more-link\"><span class=\"screen-reader-text\">\u201eVorletzter Lauf zum HessenCup 2019 in Baunatal\u201c <\/span>weiterlesen<\/a><\/p>\n","protected":false},"author":3,"featured_media":0,"comment_status":"open","ping_status":"open","sticky":false,"template":"","format":"standard","meta":{"_monsterinsights_skip_tracking":false,"_monsterinsights_sitenote_active":false,"_monsterinsights_sitenote_note":"","_monsterinsights_sitenote_category":0,"footnotes":""},"categories":[1],"tags":[],"class_list":["post-647","post","type-post","status-publish","format-standard","hentry","category-training-2"],"aioseo_notices":[],"_links":{"self":[{"href":"http:\/\/mtb-dorf-erbach.de\/index.php?rest_route=\/wp\/v2\/posts\/647","targetHints":{"allow":["GET"]}}],"collection":[{"href":"http:\/\/mtb-dorf-erbach.de\/index.php?rest_route=\/wp\/v2\/posts"}],"about":[{"href":"http:\/\/mtb-dorf-erbach.de\/index.php?rest_route=\/wp\/v2\/types\/post"}],"author":[{"embeddable":true,"href":"http:\/\/mtb-dorf-erbach.de\/index.php?rest_route=\/wp\/v2\/users\/3"}],"replies":[{"embeddable":true,"href":"http:\/\/mtb-dorf-erbach.de\/index.php?rest_route=%2Fwp%2Fv2%2Fcomments&post=647"}],"version-history":[{"count":2,"href":"http:\/\/mtb-dorf-erbach.de\/index.php?rest_route=\/wp\/v2\/posts\/647\/revisions"}],"predecessor-version":[{"id":653,"href":"http:\/\/mtb-dorf-erbach.de\/index.php?rest_route=\/wp\/v2\/posts\/647\/revisions\/653"}],"wp:attachment":[{"href":"http:\/\/mtb-dorf-erbach.de\/index.php?rest_route=%2Fwp%2Fv2%2Fmedia&parent=647"}],"wp:term":[{"taxonomy":"category","embeddable":true,"href":"http:\/\/mtb-dorf-erbach.de\/index.php?rest_route=%2Fwp%2Fv2%2Fcategories&post=647"},{"taxonomy":"post_tag","embeddable":true,"href":"http:\/\/mtb-dorf-erbach.de\/index.php?rest_route=%2Fwp%2Fv2%2Ftags&post=647"}],"curies":[{"name":"wp","href":"https:\/\/api.w.org\/{rel}","templated":true}]}}