{"id":637,"date":"2019-09-07T12:59:06","date_gmt":"2019-09-07T12:59:06","guid":{"rendered":"http:\/\/mtb-dorf-erbach.de\/?p=637"},"modified":"2019-09-07T13:08:46","modified_gmt":"2019-09-07T13:08:46","slug":"finale-zum-hessencup-2019","status":"publish","type":"post","link":"http:\/\/mtb-dorf-erbach.de\/?p=637","title":{"rendered":"Finale zum HessenCup 2019"},"content":{"rendered":"\n<p>Das gro\u00dfe Finale!<\/p>\n\n\n\n<p>In Gem\u00fcnden fand das diesj\u00e4hrige Finale des HessenCup statt. Auf der wundersch\u00f6nen Anlage des SSV Bunsruth e.V. Konnten die Teilnehmerinnen und Teilnehmer ihr K\u00f6nnen auf die Probe stellen. Anspruchsvolle Trailpr\u00fcfungen und Strecken verlangten den Teilnehmern vieles ab.&nbsp;<\/p>\n\n\n\n<p>In der U7 gingen diesmal Emma und Lina f\u00fcr den TV-Dorf Erbach an den Start. Emma sicherte sich durch einen Sieg in der Trailpr\u00fcfung und im Rennen neben der Tageswertung auch die Gesamtwertung mit deutlichem Vorsprung (500Punkte zu 295Punkte). Lina kam in ihrem ersten Rennen auf einen 5.Platz der Tageswertung.&nbsp;<\/p>\n\n\n\n<p>In der U11 konnte sich Ben durch eine starke Leistung in der Trailpr\u00fcfung und vor allem im schwierigen Rennen den ersten Platz in der Tageswertung sichern. Durch die gewonnen Punkte machte er in der Gesamtwertung des HessenCup einen gro\u00dfen Sprung vom vom 6. auf den 3. Platz!<\/p>\n\n\n\n<p>Gl\u00fcckwunsch an alle Teilnehmer!<br><\/p>\n\n\n\n<ul class=\"wp-block-gallery columns-3 is-cropped wp-block-gallery-1 is-layout-flex wp-block-gallery-is-layout-flex\"><li class=\"blocks-gallery-item\"><figure><img loading=\"lazy\" decoding=\"async\" width=\"768\" height=\"1024\" src=\"http:\/\/mtb-dorf-erbach.de\/wp-content\/uploads\/2019\/09\/5C3408F3-1279-466B-A78A-D45401A6B5D2-768x1024.jpeg\" alt=\"\" data-id=\"638\" data-link=\"http:\/\/mtb-dorf-erbach.de\/?attachment_id=638\" class=\"wp-image-638\" srcset=\"http:\/\/mtb-dorf-erbach.de\/wp-content\/uploads\/2019\/09\/5C3408F3-1279-466B-A78A-D45401A6B5D2-768x1024.jpeg 768w, http:\/\/mtb-dorf-erbach.de\/wp-content\/uploads\/2019\/09\/5C3408F3-1279-466B-A78A-D45401A6B5D2-225x300.jpeg 225w, http:\/\/mtb-dorf-erbach.de\/wp-content\/uploads\/2019\/09\/5C3408F3-1279-466B-A78A-D45401A6B5D2-1200x1600.jpeg 1200w, http:\/\/mtb-dorf-erbach.de\/wp-content\/uploads\/2019\/09\/5C3408F3-1279-466B-A78A-D45401A6B5D2.jpeg 1536w\" sizes=\"auto, (max-width: 709px) 85vw, (max-width: 909px) 67vw, (max-width: 984px) 61vw, (max-width: 1362px) 45vw, 600px\" \/><\/figure><\/li><li class=\"blocks-gallery-item\"><figure><img loading=\"lazy\" decoding=\"async\" width=\"768\" height=\"1024\" src=\"http:\/\/mtb-dorf-erbach.de\/wp-content\/uploads\/2019\/09\/1D17203C-A928-4ECD-9FF8-7F21BFCF4686-e1567861553741-768x1024.jpeg\" alt=\"\" data-id=\"639\" data-link=\"http:\/\/mtb-dorf-erbach.de\/?attachment_id=639\" class=\"wp-image-639\" srcset=\"http:\/\/mtb-dorf-erbach.de\/wp-content\/uploads\/2019\/09\/1D17203C-A928-4ECD-9FF8-7F21BFCF4686-e1567861553741-768x1024.jpeg 768w, http:\/\/mtb-dorf-erbach.de\/wp-content\/uploads\/2019\/09\/1D17203C-A928-4ECD-9FF8-7F21BFCF4686-e1567861553741-225x300.jpeg 225w, http:\/\/mtb-dorf-erbach.de\/wp-content\/uploads\/2019\/09\/1D17203C-A928-4ECD-9FF8-7F21BFCF4686-e1567861553741-1200x1600.jpeg 1200w\" sizes=\"auto, (max-width: 709px) 85vw, (max-width: 909px) 67vw, (max-width: 984px) 61vw, (max-width: 1362px) 45vw, 600px\" \/><\/figure><\/li><li class=\"blocks-gallery-item\"><figure><img loading=\"lazy\" decoding=\"async\" width=\"768\" height=\"1024\" src=\"http:\/\/mtb-dorf-erbach.de\/wp-content\/uploads\/2019\/09\/B236C4C8-9EB3-4DBE-AAFD-34CC2D118FAF-e1567861536896-768x1024.jpeg\" alt=\"\" data-id=\"640\" data-link=\"http:\/\/mtb-dorf-erbach.de\/?attachment_id=640\" class=\"wp-image-640\" srcset=\"http:\/\/mtb-dorf-erbach.de\/wp-content\/uploads\/2019\/09\/B236C4C8-9EB3-4DBE-AAFD-34CC2D118FAF-e1567861536896-768x1024.jpeg 768w, http:\/\/mtb-dorf-erbach.de\/wp-content\/uploads\/2019\/09\/B236C4C8-9EB3-4DBE-AAFD-34CC2D118FAF-e1567861536896-225x300.jpeg 225w, http:\/\/mtb-dorf-erbach.de\/wp-content\/uploads\/2019\/09\/B236C4C8-9EB3-4DBE-AAFD-34CC2D118FAF-e1567861536896-1200x1600.jpeg 1200w\" sizes=\"auto, (max-width: 709px) 85vw, (max-width: 909px) 67vw, (max-width: 984px) 61vw, (max-width: 1362px) 45vw, 600px\" \/><\/figure><\/li><li class=\"blocks-gallery-item\"><figure><img loading=\"lazy\" decoding=\"async\" width=\"768\" height=\"1024\" src=\"http:\/\/mtb-dorf-erbach.de\/wp-content\/uploads\/2019\/09\/3DCFADB8-109B-4CC0-BEFB-507180D11B98-e1567861519472-768x1024.jpeg\" alt=\"\" data-id=\"641\" data-link=\"http:\/\/mtb-dorf-erbach.de\/?attachment_id=641\" class=\"wp-image-641\" srcset=\"http:\/\/mtb-dorf-erbach.de\/wp-content\/uploads\/2019\/09\/3DCFADB8-109B-4CC0-BEFB-507180D11B98-e1567861519472-768x1024.jpeg 768w, http:\/\/mtb-dorf-erbach.de\/wp-content\/uploads\/2019\/09\/3DCFADB8-109B-4CC0-BEFB-507180D11B98-e1567861519472-225x300.jpeg 225w, http:\/\/mtb-dorf-erbach.de\/wp-content\/uploads\/2019\/09\/3DCFADB8-109B-4CC0-BEFB-507180D11B98-e1567861519472-1200x1600.jpeg 1200w\" sizes=\"auto, (max-width: 709px) 85vw, (max-width: 909px) 67vw, (max-width: 984px) 61vw, (max-width: 1362px) 45vw, 600px\" \/><\/figure><\/li><li class=\"blocks-gallery-item\"><figure><img loading=\"lazy\" decoding=\"async\" width=\"1024\" height=\"768\" src=\"http:\/\/mtb-dorf-erbach.de\/wp-content\/uploads\/2019\/09\/A96D804E-3A3F-4AF6-85A3-E9BFC819FD86-1024x768.jpeg\" alt=\"\" data-id=\"642\" data-link=\"http:\/\/mtb-dorf-erbach.de\/?attachment_id=642\" class=\"wp-image-642\" srcset=\"http:\/\/mtb-dorf-erbach.de\/wp-content\/uploads\/2019\/09\/A96D804E-3A3F-4AF6-85A3-E9BFC819FD86-1024x768.jpeg 1024w, http:\/\/mtb-dorf-erbach.de\/wp-content\/uploads\/2019\/09\/A96D804E-3A3F-4AF6-85A3-E9BFC819FD86-300x225.jpeg 300w, http:\/\/mtb-dorf-erbach.de\/wp-content\/uploads\/2019\/09\/A96D804E-3A3F-4AF6-85A3-E9BFC819FD86-768x576.jpeg 768w, http:\/\/mtb-dorf-erbach.de\/wp-content\/uploads\/2019\/09\/A96D804E-3A3F-4AF6-85A3-E9BFC819FD86-1200x900.jpeg 1200w\" sizes=\"auto, (max-width: 709px) 85vw, (max-width: 909px) 67vw, (max-width: 1362px) 62vw, 840px\" \/><\/figure><\/li><li class=\"blocks-gallery-item\"><figure><img loading=\"lazy\" decoding=\"async\" width=\"1024\" height=\"768\" src=\"http:\/\/mtb-dorf-erbach.de\/wp-content\/uploads\/2019\/09\/2E16B03E-CF62-4C41-98C4-4CFB3ADF6E4A-1024x768.jpeg\" alt=\"\" data-id=\"643\" data-link=\"http:\/\/mtb-dorf-erbach.de\/?attachment_id=643\" class=\"wp-image-643\" srcset=\"http:\/\/mtb-dorf-erbach.de\/wp-content\/uploads\/2019\/09\/2E16B03E-CF62-4C41-98C4-4CFB3ADF6E4A-1024x768.jpeg 1024w, http:\/\/mtb-dorf-erbach.de\/wp-content\/uploads\/2019\/09\/2E16B03E-CF62-4C41-98C4-4CFB3ADF6E4A-300x225.jpeg 300w, http:\/\/mtb-dorf-erbach.de\/wp-content\/uploads\/2019\/09\/2E16B03E-CF62-4C41-98C4-4CFB3ADF6E4A-768x576.jpeg 768w, http:\/\/mtb-dorf-erbach.de\/wp-content\/uploads\/2019\/09\/2E16B03E-CF62-4C41-98C4-4CFB3ADF6E4A-1200x900.jpeg 1200w\" sizes=\"auto, (max-width: 709px) 85vw, (max-width: 909px) 67vw, (max-width: 1362px) 62vw, 840px\" \/><\/figure><\/li><li class=\"blocks-gallery-item\"><figure><img loading=\"lazy\" decoding=\"async\" width=\"1024\" height=\"768\" src=\"http:\/\/mtb-dorf-erbach.de\/wp-content\/uploads\/2019\/09\/69A79F7A-66E6-4542-BA08-F021812FB1BB-1024x768.jpeg\" alt=\"\" data-id=\"644\" data-link=\"http:\/\/mtb-dorf-erbach.de\/?attachment_id=644\" class=\"wp-image-644\" srcset=\"http:\/\/mtb-dorf-erbach.de\/wp-content\/uploads\/2019\/09\/69A79F7A-66E6-4542-BA08-F021812FB1BB-1024x768.jpeg 1024w, http:\/\/mtb-dorf-erbach.de\/wp-content\/uploads\/2019\/09\/69A79F7A-66E6-4542-BA08-F021812FB1BB-300x225.jpeg 300w, http:\/\/mtb-dorf-erbach.de\/wp-content\/uploads\/2019\/09\/69A79F7A-66E6-4542-BA08-F021812FB1BB-768x576.jpeg 768w, http:\/\/mtb-dorf-erbach.de\/wp-content\/uploads\/2019\/09\/69A79F7A-66E6-4542-BA08-F021812FB1BB-1200x900.jpeg 1200w\" sizes=\"auto, (max-width: 709px) 85vw, (max-width: 909px) 67vw, (max-width: 1362px) 62vw, 840px\" \/><\/figure><\/li><li class=\"blocks-gallery-item\"><figure><img loading=\"lazy\" decoding=\"async\" width=\"768\" height=\"1024\" src=\"http:\/\/mtb-dorf-erbach.de\/wp-content\/uploads\/2019\/09\/3CFD4E82-53F5-4127-AFA0-0026A6D738EA-e1567861501668-768x1024.jpeg\" alt=\"\" data-id=\"645\" data-link=\"http:\/\/mtb-dorf-erbach.de\/?attachment_id=645\" class=\"wp-image-645\" srcset=\"http:\/\/mtb-dorf-erbach.de\/wp-content\/uploads\/2019\/09\/3CFD4E82-53F5-4127-AFA0-0026A6D738EA-e1567861501668-768x1024.jpeg 768w, http:\/\/mtb-dorf-erbach.de\/wp-content\/uploads\/2019\/09\/3CFD4E82-53F5-4127-AFA0-0026A6D738EA-e1567861501668-225x300.jpeg 225w, http:\/\/mtb-dorf-erbach.de\/wp-content\/uploads\/2019\/09\/3CFD4E82-53F5-4127-AFA0-0026A6D738EA-e1567861501668-1200x1600.jpeg 1200w\" sizes=\"auto, (max-width: 709px) 85vw, (max-width: 909px) 67vw, (max-width: 984px) 61vw, (max-width: 1362px) 45vw, 600px\" \/><\/figure><\/li><\/ul>\n","protected":false},"excerpt":{"rendered":"<p>Das gro\u00dfe Finale! In Gem\u00fcnden fand das diesj\u00e4hrige Finale des HessenCup statt. Auf der wundersch\u00f6nen Anlage des SSV Bunsruth e.V. Konnten die Teilnehmerinnen und Teilnehmer ihr K\u00f6nnen auf die Probe stellen. Anspruchsvolle Trailpr\u00fcfungen und Strecken verlangten den Teilnehmern vieles ab.&nbsp; In der U7 gingen diesmal Emma und Lina f\u00fcr den TV-Dorf Erbach an den Start. &hellip; <a href=\"http:\/\/mtb-dorf-erbach.de\/?p=637\" class=\"more-link\"><span class=\"screen-reader-text\">\u201eFinale zum HessenCup 2019\u201c <\/span>weiterlesen<\/a><\/p>\n","protected":false},"author":3,"featured_media":0,"comment_status":"open","ping_status":"open","sticky":false,"template":"","format":"standard","meta":{"_monsterinsights_skip_tracking":false,"_monsterinsights_sitenote_active":false,"_monsterinsights_sitenote_note":"","_monsterinsights_sitenote_category":0,"footnotes":""},"categories":[1],"tags":[],"class_list":["post-637","post","type-post","status-publish","format-standard","hentry","category-training-2"],"aioseo_notices":[],"_links":{"self":[{"href":"http:\/\/mtb-dorf-erbach.de\/index.php?rest_route=\/wp\/v2\/posts\/637","targetHints":{"allow":["GET"]}}],"collection":[{"href":"http:\/\/mtb-dorf-erbach.de\/index.php?rest_route=\/wp\/v2\/posts"}],"about":[{"href":"http:\/\/mtb-dorf-erbach.de\/index.php?rest_route=\/wp\/v2\/types\/post"}],"author":[{"embeddable":true,"href":"http:\/\/mtb-dorf-erbach.de\/index.php?rest_route=\/wp\/v2\/users\/3"}],"replies":[{"embeddable":true,"href":"http:\/\/mtb-dorf-erbach.de\/index.php?rest_route=%2Fwp%2Fv2%2Fcomments&post=637"}],"version-history":[{"count":2,"href":"http:\/\/mtb-dorf-erbach.de\/index.php?rest_route=\/wp\/v2\/posts\/637\/revisions"}],"predecessor-version":[{"id":654,"href":"http:\/\/mtb-dorf-erbach.de\/index.php?rest_route=\/wp\/v2\/posts\/637\/revisions\/654"}],"wp:attachment":[{"href":"http:\/\/mtb-dorf-erbach.de\/index.php?rest_route=%2Fwp%2Fv2%2Fmedia&parent=637"}],"wp:term":[{"taxonomy":"category","embeddable":true,"href":"http:\/\/mtb-dorf-erbach.de\/index.php?rest_route=%2Fwp%2Fv2%2Fcategories&post=637"},{"taxonomy":"post_tag","embeddable":true,"href":"http:\/\/mtb-dorf-erbach.de\/index.php?rest_route=%2Fwp%2Fv2%2Ftags&post=637"}],"curies":[{"name":"wp","href":"https:\/\/api.w.org\/{rel}","templated":true}]}}