{"id":566,"date":"2019-04-25T05:27:35","date_gmt":"2019-04-25T05:27:35","guid":{"rendered":"http:\/\/mtb-dorf-erbach.de\/?p=566"},"modified":"2019-04-25T05:27:36","modified_gmt":"2019-04-25T05:27:36","slug":"teilnahme-am-streetfood-markt-in-erbach","status":"publish","type":"post","link":"http:\/\/mtb-dorf-erbach.de\/?p=566","title":{"rendered":"Teilnahme am StreetFood Markt in Erbach"},"content":{"rendered":"<p>Im Rahmen des StreetFood Markt sind wir am Sonntag, den 28.04.2019, ab 11Uhr in der Br\u00fcckenstra\u00dfe zu finden. Wir werden einen Parcours aus Holzelementen aufbauen und betreuen. Kommt und vorbei und testet euer K\u00f6nnen. Vielleicht findet ihr ja auch einen passenden Untersatz beim verkaufsoffenen Sonntag.<\/p>\n","protected":false},"excerpt":{"rendered":"<p>Im Rahmen des StreetFood Markt sind wir am Sonntag, den 28.04.2019, ab 11Uhr in der Br\u00fcckenstra\u00dfe zu finden. Wir werden einen Parcours aus Holzelementen aufbauen und betreuen. Kommt und vorbei und testet euer K\u00f6nnen. Vielleicht findet ihr ja auch einen passenden Untersatz beim verkaufsoffenen Sonntag.<\/p>\n","protected":false},"author":3,"featured_media":0,"comment_status":"open","ping_status":"open","sticky":false,"template":"","format":"standard","meta":{"_monsterinsights_skip_tracking":false,"_monsterinsights_sitenote_active":false,"_monsterinsights_sitenote_note":"","_monsterinsights_sitenote_category":0,"footnotes":""},"categories":[2],"tags":[],"class_list":["post-566","post","type-post","status-publish","format-standard","hentry","category-allgemein"],"aioseo_notices":[],"_links":{"self":[{"href":"http:\/\/mtb-dorf-erbach.de\/index.php?rest_route=\/wp\/v2\/posts\/566","targetHints":{"allow":["GET"]}}],"collection":[{"href":"http:\/\/mtb-dorf-erbach.de\/index.php?rest_route=\/wp\/v2\/posts"}],"about":[{"href":"http:\/\/mtb-dorf-erbach.de\/index.php?rest_route=\/wp\/v2\/types\/post"}],"author":[{"embeddable":true,"href":"http:\/\/mtb-dorf-erbach.de\/index.php?rest_route=\/wp\/v2\/users\/3"}],"replies":[{"embeddable":true,"href":"http:\/\/mtb-dorf-erbach.de\/index.php?rest_route=%2Fwp%2Fv2%2Fcomments&post=566"}],"version-history":[{"count":1,"href":"http:\/\/mtb-dorf-erbach.de\/index.php?rest_route=\/wp\/v2\/posts\/566\/revisions"}],"predecessor-version":[{"id":567,"href":"http:\/\/mtb-dorf-erbach.de\/index.php?rest_route=\/wp\/v2\/posts\/566\/revisions\/567"}],"wp:attachment":[{"href":"http:\/\/mtb-dorf-erbach.de\/index.php?rest_route=%2Fwp%2Fv2%2Fmedia&parent=566"}],"wp:term":[{"taxonomy":"category","embeddable":true,"href":"http:\/\/mtb-dorf-erbach.de\/index.php?rest_route=%2Fwp%2Fv2%2Fcategories&post=566"},{"taxonomy":"post_tag","embeddable":true,"href":"http:\/\/mtb-dorf-erbach.de\/index.php?rest_route=%2Fwp%2Fv2%2Ftags&post=566"}],"curies":[{"name":"wp","href":"https:\/\/api.w.org\/{rel}","templated":true}]}}