{"id":466,"date":"2017-12-11T20:08:16","date_gmt":"2017-12-11T20:08:16","guid":{"rendered":"http:\/\/mtb-dorf-erbach.de\/?p=466"},"modified":"2017-12-11T20:08:16","modified_gmt":"2017-12-11T20:08:16","slug":"termine-2018","status":"publish","type":"post","link":"http:\/\/mtb-dorf-erbach.de\/?p=466","title":{"rendered":"Termine 2018"},"content":{"rendered":"<p>Ein kurze \u00dcbersicht \u00fcber anstehende Termin im Jahr 2018<\/p>\n<ul>\n<li>20.01.2018 &#8211; Vereinsmeisterschaft, Ende der Trainingspause<\/li>\n<li>ab 9.04.2018 &#8211; Sommertraingsplan, Montag 18Uhr = Ausfahrt, Freitag 18Uhr = Techniktraining<\/li>\n<li>14.\/.15.04.2018 &#8211; Fahrradbasar<\/li>\n<\/ul>\n<p>Unter folgendem Link sind die vorl\u00e4ufigen MTB-Termine in Hessen zu finden. Es w\u00e4re sch\u00f6n wenn wir aktiv vertreten w\u00e4ren!<\/p>\n<p><a href=\"http:\/\/www.hessen-radsport.de\/files\/fil17\/MTB_Term18.pdf\" target=\"_blank\" rel=\"noopener\">MTB Termine 2018 (vorl\u00e4ufig)<\/a><\/p>\n","protected":false},"excerpt":{"rendered":"<p>Ein kurze \u00dcbersicht \u00fcber anstehende Termin im Jahr 2018 20.01.2018 &#8211; Vereinsmeisterschaft, Ende der Trainingspause ab 9.04.2018 &#8211; Sommertraingsplan, Montag 18Uhr = Ausfahrt, Freitag 18Uhr = Techniktraining 14.\/.15.04.2018 &#8211; Fahrradbasar Unter folgendem Link sind die vorl\u00e4ufigen MTB-Termine in Hessen zu finden. Es w\u00e4re sch\u00f6n wenn wir aktiv vertreten w\u00e4ren! MTB Termine 2018 (vorl\u00e4ufig)<\/p>\n","protected":false},"author":3,"featured_media":0,"comment_status":"open","ping_status":"open","sticky":false,"template":"","format":"standard","meta":{"_monsterinsights_skip_tracking":false,"_monsterinsights_sitenote_active":false,"_monsterinsights_sitenote_note":"","_monsterinsights_sitenote_category":0,"footnotes":""},"categories":[1],"tags":[],"class_list":["post-466","post","type-post","status-publish","format-standard","hentry","category-training-2"],"aioseo_notices":[],"_links":{"self":[{"href":"http:\/\/mtb-dorf-erbach.de\/index.php?rest_route=\/wp\/v2\/posts\/466","targetHints":{"allow":["GET"]}}],"collection":[{"href":"http:\/\/mtb-dorf-erbach.de\/index.php?rest_route=\/wp\/v2\/posts"}],"about":[{"href":"http:\/\/mtb-dorf-erbach.de\/index.php?rest_route=\/wp\/v2\/types\/post"}],"author":[{"embeddable":true,"href":"http:\/\/mtb-dorf-erbach.de\/index.php?rest_route=\/wp\/v2\/users\/3"}],"replies":[{"embeddable":true,"href":"http:\/\/mtb-dorf-erbach.de\/index.php?rest_route=%2Fwp%2Fv2%2Fcomments&post=466"}],"version-history":[{"count":1,"href":"http:\/\/mtb-dorf-erbach.de\/index.php?rest_route=\/wp\/v2\/posts\/466\/revisions"}],"predecessor-version":[{"id":467,"href":"http:\/\/mtb-dorf-erbach.de\/index.php?rest_route=\/wp\/v2\/posts\/466\/revisions\/467"}],"wp:attachment":[{"href":"http:\/\/mtb-dorf-erbach.de\/index.php?rest_route=%2Fwp%2Fv2%2Fmedia&parent=466"}],"wp:term":[{"taxonomy":"category","embeddable":true,"href":"http:\/\/mtb-dorf-erbach.de\/index.php?rest_route=%2Fwp%2Fv2%2Fcategories&post=466"},{"taxonomy":"post_tag","embeddable":true,"href":"http:\/\/mtb-dorf-erbach.de\/index.php?rest_route=%2Fwp%2Fv2%2Ftags&post=466"}],"curies":[{"name":"wp","href":"https:\/\/api.w.org\/{rel}","templated":true}]}}