{"id":342,"date":"2017-02-11T19:13:08","date_gmt":"2017-02-11T19:13:08","guid":{"rendered":"http:\/\/mtb-dorf-erbach.de\/?p=342"},"modified":"2017-02-11T19:13:08","modified_gmt":"2017-02-11T19:13:08","slug":"fahrradbasar-2017","status":"publish","type":"post","link":"http:\/\/mtb-dorf-erbach.de\/?p=342","title":{"rendered":"Fahrradbasar 2017"},"content":{"rendered":"<p>Es ist wieder soweit!<\/p>\n<p>Am ersten Aprilwochenende findet unser traditioneller Fahrradbasar statt. Es warten viele tolle Angebote und Schn\u00e4ppchen rund um das Thema Fahrrad. F\u00fcr Essen und Getr\u00e4nke ist gesorgt, vorbeischauen lohnt sich.<\/p>\n<p><a href=\"http:\/\/mtb-dorf-erbach.de\/wp-content\/uploads\/2017\/02\/Fahradbasar-2017.jpeg\"><img loading=\"lazy\" decoding=\"async\" class=\"alignleft size-thumbnail wp-image-343\" src=\"http:\/\/mtb-dorf-erbach.de\/wp-content\/uploads\/2017\/02\/Fahradbasar-2017-150x150.jpeg\" alt=\"\" width=\"150\" height=\"150\" \/><\/a><\/p>\n","protected":false},"excerpt":{"rendered":"<p>Es ist wieder soweit! Am ersten Aprilwochenende findet unser traditioneller Fahrradbasar statt. Es warten viele tolle Angebote und Schn\u00e4ppchen rund um das Thema Fahrrad. F\u00fcr Essen und Getr\u00e4nke ist gesorgt, vorbeischauen lohnt sich.<\/p>\n","protected":false},"author":3,"featured_media":0,"comment_status":"open","ping_status":"open","sticky":false,"template":"","format":"standard","meta":{"_monsterinsights_skip_tracking":false,"_monsterinsights_sitenote_active":false,"_monsterinsights_sitenote_note":"","_monsterinsights_sitenote_category":0,"footnotes":""},"categories":[1],"tags":[],"class_list":["post-342","post","type-post","status-publish","format-standard","hentry","category-training-2"],"aioseo_notices":[],"_links":{"self":[{"href":"http:\/\/mtb-dorf-erbach.de\/index.php?rest_route=\/wp\/v2\/posts\/342","targetHints":{"allow":["GET"]}}],"collection":[{"href":"http:\/\/mtb-dorf-erbach.de\/index.php?rest_route=\/wp\/v2\/posts"}],"about":[{"href":"http:\/\/mtb-dorf-erbach.de\/index.php?rest_route=\/wp\/v2\/types\/post"}],"author":[{"embeddable":true,"href":"http:\/\/mtb-dorf-erbach.de\/index.php?rest_route=\/wp\/v2\/users\/3"}],"replies":[{"embeddable":true,"href":"http:\/\/mtb-dorf-erbach.de\/index.php?rest_route=%2Fwp%2Fv2%2Fcomments&post=342"}],"version-history":[{"count":2,"href":"http:\/\/mtb-dorf-erbach.de\/index.php?rest_route=\/wp\/v2\/posts\/342\/revisions"}],"predecessor-version":[{"id":348,"href":"http:\/\/mtb-dorf-erbach.de\/index.php?rest_route=\/wp\/v2\/posts\/342\/revisions\/348"}],"wp:attachment":[{"href":"http:\/\/mtb-dorf-erbach.de\/index.php?rest_route=%2Fwp%2Fv2%2Fmedia&parent=342"}],"wp:term":[{"taxonomy":"category","embeddable":true,"href":"http:\/\/mtb-dorf-erbach.de\/index.php?rest_route=%2Fwp%2Fv2%2Fcategories&post=342"},{"taxonomy":"post_tag","embeddable":true,"href":"http:\/\/mtb-dorf-erbach.de\/index.php?rest_route=%2Fwp%2Fv2%2Ftags&post=342"}],"curies":[{"name":"wp","href":"https:\/\/api.w.org\/{rel}","templated":true}]}}